{"id":1280,"date":"2020-11-21T14:05:15","date_gmt":"2020-11-21T14:05:15","guid":{"rendered":"https:\/\/www.linnich-apotheke.de\/wp-cms\/?p=1280"},"modified":"2020-11-21T14:05:15","modified_gmt":"2020-11-21T14:05:15","slug":"1280-2","status":"publish","type":"post","link":"https:\/\/www.linnich-apotheke.de\/wp-cms\/1280-2\/","title":{"rendered":""},"content":{"rendered":"<div class=\"\" dir=\"auto\">\n<div id=\"jsc_c_cg\" class=\"ecm0bbzt hv4rvrfc ihqw7lf3 dati1w0a\" data-ad-comet-preview=\"message\" data-ad-preview=\"message\">\n<div class=\"j83agx80 cbu4d94t ew0dbk1b irj2b8pg\">\n<div class=\"qzhwtbm6 knvmm38d\"><strong><em>Die schwierigste Zeit in unserem Leben ist die beste Gelegenheit, innere St\u00e4rke zu entwickeln.<\/em><\/strong><\/div>\n<div class=\"qzhwtbm6 knvmm38d\">(Dalai Lama)<\/p>\n<div dir=\"auto\"><\/div>\n<div class=\"o9v6fnle cxmmr5t8 oygrvhab hcukyx3x c1et5uql ii04i59q\">\n<div dir=\"auto\">Bald beginnt die Adventszeit. Durch Corona ist dieser Winter dunkler als jeder Bisherige. Wir, das Team der Marien Apotheke, haben uns dieses Jahr besonders auf unsere bunten Kugeln im Fenster gefreut. Wir hoffen, Ihnen damit eine kleine Freude zu bereiten und etwas bunten Glanz in Ihre Herzen zu bringen. Au\u00dferdem wollen wir Danke sagen f\u00fcr Ihr Verst\u00e4ndnis gegen\u00fcber den zurzeit geltenden Corona-Ma\u00dfnahmen in unserer Apotheke!<\/div>\n<div dir=\"auto\"><a href=\"https:\/\/static.linnich-apotheke.de\/wp-cms\/wp-content\/uploads\/2020\/11\/Weihnachtsdeko-scaled.jpg\"><img decoding=\"async\" loading=\"lazy\" class=\"aligncenter size-medium wp-image-1281\" src=\"https:\/\/static.linnich-apotheke.de\/wp-cms\/wp-content\/uploads\/2020\/11\/Weihnachtsdeko-184x300.jpg\" alt=\"\" width=\"184\" height=\"300\" srcset=\"https:\/\/static.linnich-apotheke.de\/wp-cms\/wp-content\/uploads\/2020\/11\/Weihnachtsdeko-184x300.jpg 184w, https:\/\/static.linnich-apotheke.de\/wp-cms\/wp-content\/uploads\/2020\/11\/Weihnachtsdeko-627x1024.jpg 627w, https:\/\/static.linnich-apotheke.de\/wp-cms\/wp-content\/uploads\/2020\/11\/Weihnachtsdeko-768x1254.jpg 768w, https:\/\/static.linnich-apotheke.de\/wp-cms\/wp-content\/uploads\/2020\/11\/Weihnachtsdeko-941x1536.jpg 941w, https:\/\/static.linnich-apotheke.de\/wp-cms\/wp-content\/uploads\/2020\/11\/Weihnachtsdeko-1255x2048.jpg 1255w, https:\/\/static.linnich-apotheke.de\/wp-cms\/wp-content\/uploads\/2020\/11\/Weihnachtsdeko-scaled.jpg 1568w\" sizes=\"(max-width: 184px) 100vw, 184px\" \/><\/a><\/div>\n<\/div>\n<div class=\"o9v6fnle cxmmr5t8 oygrvhab hcukyx3x c1et5uql ii04i59q\">\n<div dir=\"auto\">Bleiben Sie gesund!<\/div>\n<div dir=\"auto\"><\/div>\n<\/div>\n<div class=\"o9v6fnle cxmmr5t8 oygrvhab hcukyx3x c1et5uql ii04i59q\">\n<div dir=\"auto\">Ihr Team der Marien Apotheke Linnich<\/div>\n<\/div>\n<\/div>\n<\/div>\n<\/div>\n<\/div>\n","protected":false},"excerpt":{"rendered":"<p>Die schwierigste Zeit in unserem Leben ist die beste Gelegenheit, innere St\u00e4rke zu entwickeln. (Dalai Lama) Bald beginnt die Adventszeit. Durch Corona ist dieser Winter dunkler als jeder Bisherige. Wir, das Team der Marien Apotheke, haben uns dieses Jahr besonders auf unsere bunten Kugeln im Fenster gefreut. Wir hoffen, Ihnen damit eine kleine Freude zu [&hellip;]<\/p>\n","protected":false},"author":2,"featured_media":0,"comment_status":"closed","ping_status":"open","sticky":false,"template":"","format":"standard","meta":[],"categories":[1],"tags":[],"_links":{"self":[{"href":"https:\/\/www.linnich-apotheke.de\/wp-cms\/wp-json\/wp\/v2\/posts\/1280"}],"collection":[{"href":"https:\/\/www.linnich-apotheke.de\/wp-cms\/wp-json\/wp\/v2\/posts"}],"about":[{"href":"https:\/\/www.linnich-apotheke.de\/wp-cms\/wp-json\/wp\/v2\/types\/post"}],"author":[{"embeddable":true,"href":"https:\/\/www.linnich-apotheke.de\/wp-cms\/wp-json\/wp\/v2\/users\/2"}],"replies":[{"embeddable":true,"href":"https:\/\/www.linnich-apotheke.de\/wp-cms\/wp-json\/wp\/v2\/comments?post=1280"}],"version-history":[{"count":1,"href":"https:\/\/www.linnich-apotheke.de\/wp-cms\/wp-json\/wp\/v2\/posts\/1280\/revisions"}],"predecessor-version":[{"id":1282,"href":"https:\/\/www.linnich-apotheke.de\/wp-cms\/wp-json\/wp\/v2\/posts\/1280\/revisions\/1282"}],"wp:attachment":[{"href":"https:\/\/www.linnich-apotheke.de\/wp-cms\/wp-json\/wp\/v2\/media?parent=1280"}],"wp:term":[{"taxonomy":"category","embeddable":true,"href":"https:\/\/www.linnich-apotheke.de\/wp-cms\/wp-json\/wp\/v2\/categories?post=1280"},{"taxonomy":"post_tag","embeddable":true,"href":"https:\/\/www.linnich-apotheke.de\/wp-cms\/wp-json\/wp\/v2\/tags?post=1280"}],"curies":[{"name":"wp","href":"https:\/\/api.w.org\/{rel}","templated":true}]}}