{"id":274,"date":"2012-05-17T12:08:26","date_gmt":"2012-05-17T12:08:26","guid":{"rendered":"https:\/\/www.linnich-apotheke.de\/wp-cms\/?p=274"},"modified":"2012-05-15T12:27:57","modified_gmt":"2012-05-15T12:27:57","slug":"dickmacher","status":"publish","type":"post","link":"https:\/\/www.linnich-apotheke.de\/wp-cms\/dickmacher\/","title":{"rendered":"Dickmacher"},"content":{"rendered":"<p><strong>Schlafmangel- <\/strong>Ein m\u00f6glicher Risikofaktor f\u00fcr die Entwicklung von \u00dcbergewicht und Fettleibigkeit ist der Mangel an Schlaf. Das best\u00e4tigen aktuelle Studienergebnisse von US-Forschern mit 17 gesunden Probanden. Sie stellten in der Gruppe der Probanden, die nur noch 5,2 Stunden statt 6,5 Stunden schliefen, eine erh\u00f6hte Kalorienaufnahme fest.<\/p>\n<p>Fazit der Forscher: Bei chronischen Schlafentzug ist die Energiebilanz positiv, was in \u00dcbergewicht m\u00fcnden kann.<\/p>\n<p>(Quelle: \u00c4rzte Zeitung)<\/p>\n","protected":false},"excerpt":{"rendered":"<p>Schlafmangel- Ein m\u00f6glicher Risikofaktor f\u00fcr die Entwicklung von \u00dcbergewicht und Fettleibigkeit ist der Mangel an Schlaf. Das best\u00e4tigen aktuelle Studienergebnisse von US-Forschern mit 17 gesunden Probanden. Sie stellten in der Gruppe der Probanden, die nur noch 5,2 Stunden statt 6,5 Stunden schliefen, eine erh\u00f6hte Kalorienaufnahme fest. Fazit der Forscher: Bei chronischen Schlafentzug ist die Energiebilanz [&hellip;]<\/p>\n","protected":false},"author":2,"featured_media":0,"comment_status":"closed","ping_status":"open","sticky":false,"template":"","format":"standard","meta":[],"categories":[1],"tags":[],"_links":{"self":[{"href":"https:\/\/www.linnich-apotheke.de\/wp-cms\/wp-json\/wp\/v2\/posts\/274"}],"collection":[{"href":"https:\/\/www.linnich-apotheke.de\/wp-cms\/wp-json\/wp\/v2\/posts"}],"about":[{"href":"https:\/\/www.linnich-apotheke.de\/wp-cms\/wp-json\/wp\/v2\/types\/post"}],"author":[{"embeddable":true,"href":"https:\/\/www.linnich-apotheke.de\/wp-cms\/wp-json\/wp\/v2\/users\/2"}],"replies":[{"embeddable":true,"href":"https:\/\/www.linnich-apotheke.de\/wp-cms\/wp-json\/wp\/v2\/comments?post=274"}],"version-history":[{"count":0,"href":"https:\/\/www.linnich-apotheke.de\/wp-cms\/wp-json\/wp\/v2\/posts\/274\/revisions"}],"wp:attachment":[{"href":"https:\/\/www.linnich-apotheke.de\/wp-cms\/wp-json\/wp\/v2\/media?parent=274"}],"wp:term":[{"taxonomy":"category","embeddable":true,"href":"https:\/\/www.linnich-apotheke.de\/wp-cms\/wp-json\/wp\/v2\/categories?post=274"},{"taxonomy":"post_tag","embeddable":true,"href":"https:\/\/www.linnich-apotheke.de\/wp-cms\/wp-json\/wp\/v2\/tags?post=274"}],"curies":[{"name":"wp","href":"https:\/\/api.w.org\/{rel}","templated":true}]}}