{"id":327,"date":"2012-07-27T08:26:55","date_gmt":"2012-07-27T08:26:55","guid":{"rendered":"https:\/\/www.linnich-apotheke.de\/wp-cms\/?p=327"},"modified":"2012-07-27T08:26:55","modified_gmt":"2012-07-27T08:26:55","slug":"schmerzmittel-packungsgrosen-sollen-begrenzt-werden","status":"publish","type":"post","link":"https:\/\/www.linnich-apotheke.de\/wp-cms\/schmerzmittel-packungsgrosen-sollen-begrenzt-werden\/","title":{"rendered":"Schmerzmittel: Packungsgr\u00f6\u00dfen sollen begrenzt werden"},"content":{"rendered":"<p>Schmerzmittel: Packungsgr\u00f6\u00dfen sollen begrenzt werden<\/p>\n<p>&nbsp;<\/p>\n<p>Die Packungsgr\u00f6\u00dfen freiverk\u00e4uflicher Schmerzmittel mit den Wirkstoffen Acetylsalicyls\u00e4ure, Diclofenac, Ibuprofen und Naproxen sollen k\u00fcnftig begrenzt werden. Das hat der Sachverst\u00e4ndigenausschuss f\u00fcr Verschreibungspflicht k\u00fcrzlich empfohlen. Damit folgte der Ausschuss einem Antrag des Bundesinstituts f\u00fcr Arzneimittel und Medizinprodukte (BfArM), verschreibungsfrei erh\u00e4ltliche Packungen dieser Schmerzmittel auf eine maximale Therapiedauer von vier Tagen zu begrenzen. Bei dem g\u00e4ngigen Schmerz-und Entz\u00fcndungshemmer Acetyls\u00e4ure liegt in der Selbstbehandlung die Tagesh\u00f6chstdosis bei sechs Tabletten zu 500 Milligramm. K\u00fcnftig d\u00fcrfte die gr\u00f6\u00dfte, ohne Rezept erh\u00e4ltliche Packung also 24 Tabletten enthalten. Gr\u00f6\u00dfere Packungen sollen verschreibungspflichtig werden. So soll sichergestellt sein, dass sich Patienten bei einer Behandlungsdauer von mehr als vier Tagen an den Arzt wenden. BfArM-Pr\u00e4sident Professor Dr. Walter Schwerdtfeger begr\u00fc\u00dfte das Votum des Sachverst\u00e4ndigenausschusses: &#8222;F\u00fcr uns als \u00dcberwachungsbeh\u00f6rde steht au\u00dfer Frage, dass eine \u00fcberm\u00e4\u00dfige Anwendung von Schmerzmitteln im Einzelfall schwerwiegende gesundheitliche Folgen haben kann. Dies hat die Auswertung wissenschaftlicher Studien ergeben. Risiken bestehen vor allem dann, wenn Schmerzmittel ohne \u00e4rztliche Kontrolle \u00fcber mehr als vier Tage eingenommen werden.&#8220; Vielen Patienten seien diese Risiken nicht ausreichend bewusst. Eine Begrenzung der Packungsgr\u00f6\u00dfen sei daher ein wichtiger Schritt f\u00fcr mehr Information und Sicherheit der Patienten.<\/p>\n<p>&nbsp;<\/p>\n<p>www.aponet.de<\/p>\n","protected":false},"excerpt":{"rendered":"<p>Schmerzmittel: Packungsgr\u00f6\u00dfen sollen begrenzt werden &nbsp; Die Packungsgr\u00f6\u00dfen freiverk\u00e4uflicher Schmerzmittel mit den Wirkstoffen Acetylsalicyls\u00e4ure, Diclofenac, Ibuprofen und Naproxen sollen k\u00fcnftig begrenzt werden. Das hat der Sachverst\u00e4ndigenausschuss f\u00fcr Verschreibungspflicht k\u00fcrzlich empfohlen. Damit folgte der Ausschuss einem Antrag des Bundesinstituts f\u00fcr Arzneimittel und Medizinprodukte (BfArM), verschreibungsfrei erh\u00e4ltliche Packungen dieser Schmerzmittel auf eine maximale Therapiedauer von vier Tagen [&hellip;]<\/p>\n","protected":false},"author":2,"featured_media":0,"comment_status":"closed","ping_status":"open","sticky":false,"template":"","format":"standard","meta":[],"categories":[1],"tags":[],"_links":{"self":[{"href":"https:\/\/www.linnich-apotheke.de\/wp-cms\/wp-json\/wp\/v2\/posts\/327"}],"collection":[{"href":"https:\/\/www.linnich-apotheke.de\/wp-cms\/wp-json\/wp\/v2\/posts"}],"about":[{"href":"https:\/\/www.linnich-apotheke.de\/wp-cms\/wp-json\/wp\/v2\/types\/post"}],"author":[{"embeddable":true,"href":"https:\/\/www.linnich-apotheke.de\/wp-cms\/wp-json\/wp\/v2\/users\/2"}],"replies":[{"embeddable":true,"href":"https:\/\/www.linnich-apotheke.de\/wp-cms\/wp-json\/wp\/v2\/comments?post=327"}],"version-history":[{"count":0,"href":"https:\/\/www.linnich-apotheke.de\/wp-cms\/wp-json\/wp\/v2\/posts\/327\/revisions"}],"wp:attachment":[{"href":"https:\/\/www.linnich-apotheke.de\/wp-cms\/wp-json\/wp\/v2\/media?parent=327"}],"wp:term":[{"taxonomy":"category","embeddable":true,"href":"https:\/\/www.linnich-apotheke.de\/wp-cms\/wp-json\/wp\/v2\/categories?post=327"},{"taxonomy":"post_tag","embeddable":true,"href":"https:\/\/www.linnich-apotheke.de\/wp-cms\/wp-json\/wp\/v2\/tags?post=327"}],"curies":[{"name":"wp","href":"https:\/\/api.w.org\/{rel}","templated":true}]}}