{"id":787,"date":"2017-02-25T11:34:13","date_gmt":"2017-02-25T11:34:13","guid":{"rendered":"https:\/\/www.linnich-apotheke.de\/wp-cms\/?p=787"},"modified":"2017-02-25T11:34:13","modified_gmt":"2017-02-25T11:34:13","slug":"efeu","status":"publish","type":"post","link":"https:\/\/www.linnich-apotheke.de\/wp-cms\/efeu\/","title":{"rendered":"Efeu"},"content":{"rendered":"<p><a href=\"https:\/\/www.linnich-apotheke.de\/wp-cms\/wp-content\/uploads\/2016\/08\/goal-587650__340.jpg\"><img decoding=\"async\" loading=\"lazy\" class=\"alignleft size-medium wp-image-785\" src=\"https:\/\/www.linnich-apotheke.de\/wp-cms\/wp-content\/uploads\/2016\/08\/goal-587650__340-300x225.jpg\" alt=\"\" width=\"300\" height=\"225\" srcset=\"https:\/\/static.linnich-apotheke.de\/wp-cms\/wp-content\/uploads\/2016\/08\/goal-587650__340-300x225.jpg 300w, https:\/\/static.linnich-apotheke.de\/wp-cms\/wp-content\/uploads\/2016\/08\/goal-587650__340.jpg 453w\" sizes=\"(max-width: 300px) 100vw, 300px\" \/><\/a> <a href=\"https:\/\/www.linnich-apotheke.de\/wp-cms\/wp-content\/uploads\/2016\/08\/ivy-1258312__340.jpg\"><img decoding=\"async\" loading=\"lazy\" class=\"alignleft size-medium wp-image-786\" src=\"https:\/\/www.linnich-apotheke.de\/wp-cms\/wp-content\/uploads\/2016\/08\/ivy-1258312__340-196x300.jpg\" alt=\"\" width=\"196\" height=\"300\" srcset=\"https:\/\/static.linnich-apotheke.de\/wp-cms\/wp-content\/uploads\/2016\/08\/ivy-1258312__340-196x300.jpg 196w, https:\/\/static.linnich-apotheke.de\/wp-cms\/wp-content\/uploads\/2016\/08\/ivy-1258312__340.jpg 222w\" sizes=\"(max-width: 196px) 100vw, 196px\" \/><\/a><\/p>\n<p>&nbsp;<\/p>\n<p>&nbsp;<\/p>\n<p>&nbsp;<\/p>\n<p>&nbsp;<\/p>\n<p>&nbsp;<\/p>\n<p>&nbsp;<\/p>\n<p>&nbsp;<\/p>\n<p>&nbsp;<\/p>\n<p>&nbsp;<\/p>\n<p>Der <strong>Gemeine Efeu<\/strong>, auch <strong>Gew\u00f6hnlicher Efeu<\/strong> oder kurz<strong> Efeu<\/strong> (Hedera helix) ist eine Pflanzenart aus der Gattung Efeu (Hedera) innerhalb der Familie der Araliengew\u00e4chse (Araliaceae).<br \/>\nEr ist eine immergr\u00fcne, ausdauernde Pflanze. Zuerst entwickelt er sich als krautige Pflanze, so \u00fcberwuchert der Efeu gelegentlich fl\u00e4chendeckend den Boden. Sobald B\u00e4ume, Z\u00e4une oder Mauern erreicht werden, ist der Efeu in der Lage durch Haftwurzeln daran emporzuklettern; dabei erklimmt er H\u00f6hen von 20 oder selten bis zu 30 Metern.<br \/>\nDer Gemeine Efeu ist der einzige in Mitteleuropa einheimische Wurzelkletterer. Efeu kann ein H\u00f6chstalter von 450 Jahren erreichen. Es existieren heute etwa 400 Sorten.<\/p>\n<p><strong>Vorkommen:<\/strong><\/p>\n<p>Efeu ist heimisch in den gem\u00e4\u00dfigten Klimazonen Europas &amp; Asiens, in S\u00fcdafrika und Nordamerika.<br \/>\nAls Standort werden W\u00e4lder und Auengeh\u00f6lze, Steinbr\u00fcche und Ruinen bevorzugt. Im Rahmen der europ\u00e4ischen Kolonisation wurde der Gemeine Efeu \u00fcber gro\u00dfe Teile der Welt verbreitet. In Nordamerika, Australien und Neuseeland wird er sogar als Eindringling bek\u00e4mpft.<br \/>\nBeispielsweise ist im Bundesstaat Oregon der Verkauf und Import von Efeu verboten.<\/p>\n<p><strong>Symbolik:<\/strong><\/p>\n<p>Laut Marianne Beucher, einer Frankfurter Floristin und G\u00e4rtnerin (1927-2007), legten die ersten Christen gl\u00e4ubige Verstorbene auf Efeu, die Nichtbekehrten auf Zypressen.<br \/>\nWer in Christo getauft sei, der sei unsterblich, die Ungetauften aber seien ohne Hoffnung auf Auferstehung, gleich den Zypressen, die einmal gef\u00e4llt, nie mehr nachwachsen.<\/p>\n<p>Da der Efeu nicht bestehen kann, ohne sich anzuschmiegen, ist er seit alters her auch Sinnbild f\u00fcr Freundschaft und Treue. Schon im Altertum war die immergr\u00fcne Pflanze Sinnbild der Treue und des ewigen Lebens. Im alten Griechenland erhielt ein Brautpaar einen Efeuzweig als Symbol immerw\u00e4hrende Treue.<\/p>\n<p>Au\u00dferdem galt er im alten \u00c4gypten, in Griechenland und in Rom als Symbol der Heiterkeit, der Geselligkeit und der Freundschaft. Er war den G\u00f6ttern des Weines geweiht.<\/p>\n<p><strong>Nutzung:<\/strong><\/p>\n<p>Vorweg sollte gesagt werden, dass alle Pflanzenteile des Efeus giftig sind. Zeichen der Vergiftung k\u00f6nnen schon nach Einnahme von zwei &#8211; drei Beeren auftreten:<br \/>\nBrennen im Rachen<br \/>\nDurchfall und\/oder Erbrechen<br \/>\nKopfschmerzen<br \/>\nerh\u00f6hter Puls und Kr\u00e4mpfe.<br \/>\nNach Aufnahme gro\u00dfer Mengen k\u00f6nnen Schock und Atemstillstand auftreten.<\/p>\n<p>ABER, die Dosis macht ja bekanntlich das Gift und so spielt er in der Pflanzenheilkunde eine gro\u00dfe Rolle. In niedrigen Dosen findet er Anwendung bei Bronchialerkrankungen, Krampf- und Reizhusten. Seine Heilkraft verdankt der Efeu den sogenannten Saponinen. Sie verfl\u00fcssigen und l\u00f6sen den Schleim, wirken aber auch krampfl\u00f6send und keimzerst\u00f6rend.<\/p>\n<p>Kontrollierte und offene Studien zu Prospan\u00ae und Bronchipret\u00ae best\u00e4tigen die Wirksamkeit und Vertr\u00e4glichkeit des standardisierten Efeubl\u00e4tterextraktes. Die Wirkung ist dabei der von Ambroxol, Brohmhexon und NAC gleichwertig.<\/p>\n","protected":false},"excerpt":{"rendered":"<p>&nbsp; &nbsp; &nbsp; &nbsp; &nbsp; &nbsp; &nbsp; &nbsp; &nbsp; Der Gemeine Efeu, auch Gew\u00f6hnlicher Efeu oder kurz Efeu (Hedera helix) ist eine Pflanzenart aus der Gattung Efeu (Hedera) innerhalb der Familie der Araliengew\u00e4chse (Araliaceae). Er ist eine immergr\u00fcne, ausdauernde Pflanze. Zuerst entwickelt er sich als krautige Pflanze, so \u00fcberwuchert der Efeu gelegentlich fl\u00e4chendeckend den Boden. [&hellip;]<\/p>\n","protected":false},"author":2,"featured_media":0,"comment_status":"closed","ping_status":"open","sticky":false,"template":"","format":"standard","meta":[],"categories":[1],"tags":[],"_links":{"self":[{"href":"https:\/\/www.linnich-apotheke.de\/wp-cms\/wp-json\/wp\/v2\/posts\/787"}],"collection":[{"href":"https:\/\/www.linnich-apotheke.de\/wp-cms\/wp-json\/wp\/v2\/posts"}],"about":[{"href":"https:\/\/www.linnich-apotheke.de\/wp-cms\/wp-json\/wp\/v2\/types\/post"}],"author":[{"embeddable":true,"href":"https:\/\/www.linnich-apotheke.de\/wp-cms\/wp-json\/wp\/v2\/users\/2"}],"replies":[{"embeddable":true,"href":"https:\/\/www.linnich-apotheke.de\/wp-cms\/wp-json\/wp\/v2\/comments?post=787"}],"version-history":[{"count":2,"href":"https:\/\/www.linnich-apotheke.de\/wp-cms\/wp-json\/wp\/v2\/posts\/787\/revisions"}],"predecessor-version":[{"id":789,"href":"https:\/\/www.linnich-apotheke.de\/wp-cms\/wp-json\/wp\/v2\/posts\/787\/revisions\/789"}],"wp:attachment":[{"href":"https:\/\/www.linnich-apotheke.de\/wp-cms\/wp-json\/wp\/v2\/media?parent=787"}],"wp:term":[{"taxonomy":"category","embeddable":true,"href":"https:\/\/www.linnich-apotheke.de\/wp-cms\/wp-json\/wp\/v2\/categories?post=787"},{"taxonomy":"post_tag","embeddable":true,"href":"https:\/\/www.linnich-apotheke.de\/wp-cms\/wp-json\/wp\/v2\/tags?post=787"}],"curies":[{"name":"wp","href":"https:\/\/api.w.org\/{rel}","templated":true}]}}